{"id":86,"date":"2012-10-03T13:12:21","date_gmt":"2012-10-03T11:12:21","guid":{"rendered":"http:\/\/berenicestaiger.com\/kunstproject\/?p=86"},"modified":"2017-12-06T11:28:55","modified_gmt":"2017-12-06T10:28:55","slug":"tekeningen-activiteit-in-teylers-museum-te-haarlem-20-okt-tm-28-okt-2012","status":"publish","type":"post","link":"http:\/\/berenicestaiger.com\/kunstproject\/2012\/10\/03\/tekeningen-activiteit-in-teylers-museum-te-haarlem-20-okt-tm-28-okt-2012\/","title":{"rendered":"Campaign for Drawing, Teylers Museum, Haarlem, 2012"},"content":{"rendered":"<p>Concept en uitvoering:\u00a0 B\u00e9r\u00e9nice Staiger<br \/>\nThema: Rafa\u00ebl (1483-1520)<\/p>\n<p>Tijdens de herfstvakantie werd er weer getekend op de rotonde van het Teylersmuseum. Dit jaar was het thema Rafa\u00ebl. Passend bij de tentoonstelling: Rafa\u00ebl (1483-1520).<br \/>\nEr werden mensen getekend met als uitgangspunt de tekeningen van Rafa\u00ebl.<\/p>\n<p>Er werd 60 meter getekend en er hebben meer dan 300 tekenaars meegewerkt er waren meer dan 300 individuele tekenstijlen te zien op de langste rol tekening.<\/p>\n\n\t\t<style type=\"text\/css\">\n\t\t\t#gallery-1 {\n\t\t\t\tmargin: auto;\n\t\t\t}\n\t\t\t#gallery-1 .gallery-item {\n\t\t\t\tfloat: left;\n\t\t\t\tmargin-top: 10px;\n\t\t\t\ttext-align: center;\n\t\t\t\twidth: 50%;\n\t\t\t}\n\t\t\t#gallery-1 img {\n\t\t\t\tborder: 2px solid #cfcfcf;\n\t\t\t}\n\t\t\t#gallery-1 .gallery-caption {\n\t\t\t\tmargin-left: 0;\n\t\t\t}\n\t\t\t\/* see gallery_shortcode() in wp-includes\/media.php *\/\n\t\t<\/style>\n\t\t<div id='gallery-1' class='gallery galleryid-86 gallery-columns-2 gallery-size-thumbnail'><dl class='gallery-item'>\n\t\t\t<dt class='gallery-icon portrait'>\n\t\t\t\t<a href='http:\/\/berenicestaiger.com\/kunstproject\/wp-content\/uploads\/2012\/09\/activiteit_Teylers.jpg'><img loading=\"lazy\" decoding=\"async\" width=\"150\" height=\"150\" src=\"http:\/\/berenicestaiger.com\/kunstproject\/wp-content\/uploads\/2012\/09\/activiteit_Teylers-150x150.jpg\" class=\"attachment-thumbnail size-thumbnail\" alt=\"\" \/><\/a>\n\t\t\t<\/dt><\/dl><dl class='gallery-item'>\n\t\t\t<dt class='gallery-icon landscape'>\n\t\t\t\t<a href='http:\/\/berenicestaiger.com\/kunstproject\/wp-content\/uploads\/2012\/09\/activiteit-Teylers_Berenice_Staiger.jpg'><img loading=\"lazy\" decoding=\"async\" width=\"150\" height=\"150\" src=\"http:\/\/berenicestaiger.com\/kunstproject\/wp-content\/uploads\/2012\/09\/activiteit-Teylers_Berenice_Staiger-150x150.jpg\" class=\"attachment-thumbnail size-thumbnail\" alt=\"\" srcset=\"http:\/\/berenicestaiger.com\/kunstproject\/wp-content\/uploads\/2012\/09\/activiteit-Teylers_Berenice_Staiger-150x150.jpg 150w, http:\/\/berenicestaiger.com\/kunstproject\/wp-content\/uploads\/2012\/09\/activiteit-Teylers_Berenice_Staiger-300x298.jpg 300w, http:\/\/berenicestaiger.com\/kunstproject\/wp-content\/uploads\/2012\/09\/activiteit-Teylers_Berenice_Staiger-301x300.jpg 301w, http:\/\/berenicestaiger.com\/kunstproject\/wp-content\/uploads\/2012\/09\/activiteit-Teylers_Berenice_Staiger.jpg 712w\" sizes=\"auto, (max-width: 150px) 100vw, 150px\" \/><\/a>\n\t\t\t<\/dt><\/dl><br style=\"clear: both\" \/>\n\t\t<\/div>\n\n","protected":false},"excerpt":{"rendered":"<p>Concept en uitvoering:\u00a0 B\u00e9r\u00e9nice Staiger Thema: Rafa\u00ebl (1483-1520) Tijdens de herfstvakantie werd er weer getekend op de rotonde van het Teylersmuseum. Dit jaar was het thema Rafa\u00ebl. Passend bij de tentoonstelling: Rafa\u00ebl (1483-1520). Er werden mensen getekend met als uitgangspunt de tekeningen van Rafa\u00ebl. Er werd 60 meter getekend en er hebben meer dan 300 [&hellip;]<\/p>\n","protected":false},"author":1,"featured_media":102,"comment_status":"closed","ping_status":"closed","sticky":false,"template":"","format":"standard","meta":{"footnotes":""},"categories":[4,8],"tags":[],"class_list":["post-86","post","type-post","status-publish","format-standard","has-post-thumbnail","hentry","category-campaign-for-drawing","category-tekenactiviteit"],"_links":{"self":[{"href":"http:\/\/berenicestaiger.com\/kunstproject\/wp-json\/wp\/v2\/posts\/86","targetHints":{"allow":["GET"]}}],"collection":[{"href":"http:\/\/berenicestaiger.com\/kunstproject\/wp-json\/wp\/v2\/posts"}],"about":[{"href":"http:\/\/berenicestaiger.com\/kunstproject\/wp-json\/wp\/v2\/types\/post"}],"author":[{"embeddable":true,"href":"http:\/\/berenicestaiger.com\/kunstproject\/wp-json\/wp\/v2\/users\/1"}],"replies":[{"embeddable":true,"href":"http:\/\/berenicestaiger.com\/kunstproject\/wp-json\/wp\/v2\/comments?post=86"}],"version-history":[{"count":8,"href":"http:\/\/berenicestaiger.com\/kunstproject\/wp-json\/wp\/v2\/posts\/86\/revisions"}],"predecessor-version":[{"id":492,"href":"http:\/\/berenicestaiger.com\/kunstproject\/wp-json\/wp\/v2\/posts\/86\/revisions\/492"}],"wp:featuredmedia":[{"embeddable":true,"href":"http:\/\/berenicestaiger.com\/kunstproject\/wp-json\/wp\/v2\/media\/102"}],"wp:attachment":[{"href":"http:\/\/berenicestaiger.com\/kunstproject\/wp-json\/wp\/v2\/media?parent=86"}],"wp:term":[{"taxonomy":"category","embeddable":true,"href":"http:\/\/berenicestaiger.com\/kunstproject\/wp-json\/wp\/v2\/categories?post=86"},{"taxonomy":"post_tag","embeddable":true,"href":"http:\/\/berenicestaiger.com\/kunstproject\/wp-json\/wp\/v2\/tags?post=86"}],"curies":[{"name":"wp","href":"https:\/\/api.w.org\/{rel}","templated":true}]}}