{"id":439,"date":"2007-10-09T15:55:59","date_gmt":"2007-10-09T13:55:59","guid":{"rendered":"http:\/\/berenicestaiger.com\/kunstproject\/?p=439"},"modified":"2017-12-06T12:18:05","modified_gmt":"2017-12-06T11:18:05","slug":"mosaik-project-basisschool-drakensteyn-enschede-2007","status":"publish","type":"post","link":"http:\/\/berenicestaiger.com\/kunstproject\/2007\/10\/09\/mosaik-project-basisschool-drakensteyn-enschede-2007\/","title":{"rendered":"Mosa\u00efk project Basisschool Drakensteyn, Enschede, 2007"},"content":{"rendered":"<div class=\"mceTemp\"><\/div>\n\n\t\t<style type=\"text\/css\">\n\t\t\t#gallery-1 {\n\t\t\t\tmargin: auto;\n\t\t\t}\n\t\t\t#gallery-1 .gallery-item {\n\t\t\t\tfloat: left;\n\t\t\t\tmargin-top: 10px;\n\t\t\t\ttext-align: center;\n\t\t\t\twidth: 20%;\n\t\t\t}\n\t\t\t#gallery-1 img {\n\t\t\t\tborder: 2px solid #cfcfcf;\n\t\t\t}\n\t\t\t#gallery-1 .gallery-caption {\n\t\t\t\tmargin-left: 0;\n\t\t\t}\n\t\t\t\/* see gallery_shortcode() in wp-includes\/media.php *\/\n\t\t<\/style>\n\t\t<div id='gallery-1' class='gallery galleryid-439 gallery-columns-5 gallery-size-medium'><dl class='gallery-item'>\n\t\t\t<dt class='gallery-icon portrait'>\n\t\t\t\t<a href='http:\/\/berenicestaiger.com\/kunstproject\/wp-content\/uploads\/2017\/10\/draak.jpg'><img loading=\"lazy\" decoding=\"async\" width=\"225\" height=\"300\" src=\"http:\/\/berenicestaiger.com\/kunstproject\/wp-content\/uploads\/2017\/10\/draak-225x300.jpg\" class=\"attachment-medium size-medium\" alt=\"\" srcset=\"http:\/\/berenicestaiger.com\/kunstproject\/wp-content\/uploads\/2017\/10\/draak-225x300.jpg 225w, http:\/\/berenicestaiger.com\/kunstproject\/wp-content\/uploads\/2017\/10\/draak.jpg 591w\" sizes=\"auto, (max-width: 225px) 100vw, 225px\" \/><\/a>\n\t\t\t<\/dt><\/dl><dl class='gallery-item'>\n\t\t\t<dt class='gallery-icon portrait'>\n\t\t\t\t<a href='http:\/\/berenicestaiger.com\/kunstproject\/wp-content\/uploads\/2017\/10\/13draak-van-links-A6-2.jpg'><img loading=\"lazy\" decoding=\"async\" width=\"225\" height=\"300\" src=\"http:\/\/berenicestaiger.com\/kunstproject\/wp-content\/uploads\/2017\/10\/13draak-van-links-A6-2-225x300.jpg\" class=\"attachment-medium size-medium\" alt=\"\" srcset=\"http:\/\/berenicestaiger.com\/kunstproject\/wp-content\/uploads\/2017\/10\/13draak-van-links-A6-2-225x300.jpg 225w, http:\/\/berenicestaiger.com\/kunstproject\/wp-content\/uploads\/2017\/10\/13draak-van-links-A6-2-768x1024.jpg 768w, http:\/\/berenicestaiger.com\/kunstproject\/wp-content\/uploads\/2017\/10\/13draak-van-links-A6-2.jpg 800w\" sizes=\"auto, (max-width: 225px) 100vw, 225px\" \/><\/a>\n\t\t\t<\/dt><\/dl><dl class='gallery-item'>\n\t\t\t<dt class='gallery-icon landscape'>\n\t\t\t\t<a href='http:\/\/berenicestaiger.com\/kunstproject\/wp-content\/uploads\/2017\/10\/04draak-achter.jpg'><img loading=\"lazy\" decoding=\"async\" width=\"300\" height=\"225\" src=\"http:\/\/berenicestaiger.com\/kunstproject\/wp-content\/uploads\/2017\/10\/04draak-achter-300x225.jpg\" class=\"attachment-medium size-medium\" alt=\"\" srcset=\"http:\/\/berenicestaiger.com\/kunstproject\/wp-content\/uploads\/2017\/10\/04draak-achter-300x225.jpg 300w, http:\/\/berenicestaiger.com\/kunstproject\/wp-content\/uploads\/2017\/10\/04draak-achter-768x576.jpg 768w, http:\/\/berenicestaiger.com\/kunstproject\/wp-content\/uploads\/2017\/10\/04draak-achter.jpg 800w\" sizes=\"auto, (max-width: 300px) 100vw, 300px\" \/><\/a>\n\t\t\t<\/dt><\/dl><dl class='gallery-item'>\n\t\t\t<dt class='gallery-icon landscape'>\n\t\t\t\t<a href='http:\/\/berenicestaiger.com\/kunstproject\/wp-content\/uploads\/2017\/10\/05draak-detail.jpg'><img loading=\"lazy\" decoding=\"async\" width=\"300\" height=\"225\" src=\"http:\/\/berenicestaiger.com\/kunstproject\/wp-content\/uploads\/2017\/10\/05draak-detail-300x225.jpg\" class=\"attachment-medium size-medium\" alt=\"\" srcset=\"http:\/\/berenicestaiger.com\/kunstproject\/wp-content\/uploads\/2017\/10\/05draak-detail-300x225.jpg 300w, http:\/\/berenicestaiger.com\/kunstproject\/wp-content\/uploads\/2017\/10\/05draak-detail-768x577.jpg 768w, http:\/\/berenicestaiger.com\/kunstproject\/wp-content\/uploads\/2017\/10\/05draak-detail.jpg 800w\" sizes=\"auto, (max-width: 300px) 100vw, 300px\" \/><\/a>\n\t\t\t<\/dt><\/dl><dl class='gallery-item'>\n\t\t\t<dt class='gallery-icon landscape'>\n\t\t\t\t<a href='http:\/\/berenicestaiger.com\/kunstproject\/wp-content\/uploads\/2017\/10\/12draak-met-kinderen.jpg'><img loading=\"lazy\" decoding=\"async\" width=\"300\" height=\"225\" src=\"http:\/\/berenicestaiger.com\/kunstproject\/wp-content\/uploads\/2017\/10\/12draak-met-kinderen-300x225.jpg\" class=\"attachment-medium size-medium\" alt=\"\" srcset=\"http:\/\/berenicestaiger.com\/kunstproject\/wp-content\/uploads\/2017\/10\/12draak-met-kinderen-300x225.jpg 300w, http:\/\/berenicestaiger.com\/kunstproject\/wp-content\/uploads\/2017\/10\/12draak-met-kinderen-768x576.jpg 768w, http:\/\/berenicestaiger.com\/kunstproject\/wp-content\/uploads\/2017\/10\/12draak-met-kinderen.jpg 800w\" sizes=\"auto, (max-width: 300px) 100vw, 300px\" \/><\/a>\n\t\t\t<\/dt><\/dl><br style=\"clear: both\" \/><dl class='gallery-item'>\n\t\t\t<dt class='gallery-icon landscape'>\n\t\t\t\t<a href='http:\/\/berenicestaiger.com\/kunstproject\/wp-content\/uploads\/2017\/10\/03draak-4.jpg'><img loading=\"lazy\" decoding=\"async\" width=\"300\" height=\"225\" src=\"http:\/\/berenicestaiger.com\/kunstproject\/wp-content\/uploads\/2017\/10\/03draak-4-300x225.jpg\" class=\"attachment-medium size-medium\" alt=\"\" srcset=\"http:\/\/berenicestaiger.com\/kunstproject\/wp-content\/uploads\/2017\/10\/03draak-4-300x225.jpg 300w, http:\/\/berenicestaiger.com\/kunstproject\/wp-content\/uploads\/2017\/10\/03draak-4-768x576.jpg 768w, http:\/\/berenicestaiger.com\/kunstproject\/wp-content\/uploads\/2017\/10\/03draak-4.jpg 800w\" sizes=\"auto, (max-width: 300px) 100vw, 300px\" \/><\/a>\n\t\t\t<\/dt><\/dl><dl class='gallery-item'>\n\t\t\t<dt class='gallery-icon landscape'>\n\t\t\t\t<a href='http:\/\/berenicestaiger.com\/kunstproject\/wp-content\/uploads\/2017\/10\/14draak-van-rechts-A6.jpg'><img loading=\"lazy\" decoding=\"async\" width=\"300\" height=\"225\" src=\"http:\/\/berenicestaiger.com\/kunstproject\/wp-content\/uploads\/2017\/10\/14draak-van-rechts-A6-300x225.jpg\" class=\"attachment-medium size-medium\" alt=\"\" srcset=\"http:\/\/berenicestaiger.com\/kunstproject\/wp-content\/uploads\/2017\/10\/14draak-van-rechts-A6-300x225.jpg 300w, http:\/\/berenicestaiger.com\/kunstproject\/wp-content\/uploads\/2017\/10\/14draak-van-rechts-A6-768x576.jpg 768w, http:\/\/berenicestaiger.com\/kunstproject\/wp-content\/uploads\/2017\/10\/14draak-van-rechts-A6.jpg 800w\" sizes=\"auto, (max-width: 300px) 100vw, 300px\" \/><\/a>\n\t\t\t<\/dt><\/dl><dl class='gallery-item'>\n\t\t\t<dt class='gallery-icon landscape'>\n\t\t\t\t<a href='http:\/\/berenicestaiger.com\/kunstproject\/wp-content\/uploads\/2017\/10\/11draak-installatie-steengaas-2.jpg'><img loading=\"lazy\" decoding=\"async\" width=\"300\" height=\"225\" src=\"http:\/\/berenicestaiger.com\/kunstproject\/wp-content\/uploads\/2017\/10\/11draak-installatie-steengaas-2-300x225.jpg\" class=\"attachment-medium size-medium\" alt=\"\" srcset=\"http:\/\/berenicestaiger.com\/kunstproject\/wp-content\/uploads\/2017\/10\/11draak-installatie-steengaas-2-300x225.jpg 300w, http:\/\/berenicestaiger.com\/kunstproject\/wp-content\/uploads\/2017\/10\/11draak-installatie-steengaas-2-768x577.jpg 768w, http:\/\/berenicestaiger.com\/kunstproject\/wp-content\/uploads\/2017\/10\/11draak-installatie-steengaas-2.jpg 800w\" sizes=\"auto, (max-width: 300px) 100vw, 300px\" \/><\/a>\n\t\t\t<\/dt><\/dl><dl class='gallery-item'>\n\t\t\t<dt class='gallery-icon landscape'>\n\t\t\t\t<a href='http:\/\/berenicestaiger.com\/kunstproject\/wp-content\/uploads\/2017\/10\/10draak-installatie-steengaas.jpg'><img loading=\"lazy\" decoding=\"async\" width=\"300\" height=\"225\" src=\"http:\/\/berenicestaiger.com\/kunstproject\/wp-content\/uploads\/2017\/10\/10draak-installatie-steengaas-300x225.jpg\" class=\"attachment-medium size-medium\" alt=\"\" srcset=\"http:\/\/berenicestaiger.com\/kunstproject\/wp-content\/uploads\/2017\/10\/10draak-installatie-steengaas-300x225.jpg 300w, http:\/\/berenicestaiger.com\/kunstproject\/wp-content\/uploads\/2017\/10\/10draak-installatie-steengaas-768x577.jpg 768w, http:\/\/berenicestaiger.com\/kunstproject\/wp-content\/uploads\/2017\/10\/10draak-installatie-steengaas.jpg 800w\" sizes=\"auto, (max-width: 300px) 100vw, 300px\" \/><\/a>\n\t\t\t<\/dt><\/dl><dl class='gallery-item'>\n\t\t\t<dt class='gallery-icon landscape'>\n\t\t\t\t<a href='http:\/\/berenicestaiger.com\/kunstproject\/wp-content\/uploads\/2017\/10\/09draak-installatie-detail.jpg'><img loading=\"lazy\" decoding=\"async\" width=\"300\" height=\"225\" src=\"http:\/\/berenicestaiger.com\/kunstproject\/wp-content\/uploads\/2017\/10\/09draak-installatie-detail-300x225.jpg\" class=\"attachment-medium size-medium\" alt=\"\" srcset=\"http:\/\/berenicestaiger.com\/kunstproject\/wp-content\/uploads\/2017\/10\/09draak-installatie-detail-300x225.jpg 300w, http:\/\/berenicestaiger.com\/kunstproject\/wp-content\/uploads\/2017\/10\/09draak-installatie-detail-768x577.jpg 768w, http:\/\/berenicestaiger.com\/kunstproject\/wp-content\/uploads\/2017\/10\/09draak-installatie-detail.jpg 800w\" sizes=\"auto, (max-width: 300px) 100vw, 300px\" \/><\/a>\n\t\t\t<\/dt><\/dl><br style=\"clear: both\" \/><dl class='gallery-item'>\n\t\t\t<dt class='gallery-icon landscape'>\n\t\t\t\t<a href='http:\/\/berenicestaiger.com\/kunstproject\/wp-content\/uploads\/2017\/10\/08draak-installatie.jpg'><img loading=\"lazy\" decoding=\"async\" width=\"300\" height=\"225\" src=\"http:\/\/berenicestaiger.com\/kunstproject\/wp-content\/uploads\/2017\/10\/08draak-installatie-300x225.jpg\" class=\"attachment-medium size-medium\" alt=\"\" srcset=\"http:\/\/berenicestaiger.com\/kunstproject\/wp-content\/uploads\/2017\/10\/08draak-installatie-300x225.jpg 300w, http:\/\/berenicestaiger.com\/kunstproject\/wp-content\/uploads\/2017\/10\/08draak-installatie-768x577.jpg 768w, http:\/\/berenicestaiger.com\/kunstproject\/wp-content\/uploads\/2017\/10\/08draak-installatie.jpg 800w\" sizes=\"auto, (max-width: 300px) 100vw, 300px\" \/><\/a>\n\t\t\t<\/dt><\/dl><dl class='gallery-item'>\n\t\t\t<dt class='gallery-icon landscape'>\n\t\t\t\t<a href='http:\/\/berenicestaiger.com\/kunstproject\/wp-content\/uploads\/2017\/10\/07draak-fundering-5.jpg'><img loading=\"lazy\" decoding=\"async\" width=\"300\" height=\"225\" src=\"http:\/\/berenicestaiger.com\/kunstproject\/wp-content\/uploads\/2017\/10\/07draak-fundering-5-300x225.jpg\" class=\"attachment-medium size-medium\" alt=\"\" srcset=\"http:\/\/berenicestaiger.com\/kunstproject\/wp-content\/uploads\/2017\/10\/07draak-fundering-5-300x225.jpg 300w, http:\/\/berenicestaiger.com\/kunstproject\/wp-content\/uploads\/2017\/10\/07draak-fundering-5-768x577.jpg 768w, http:\/\/berenicestaiger.com\/kunstproject\/wp-content\/uploads\/2017\/10\/07draak-fundering-5.jpg 800w\" sizes=\"auto, (max-width: 300px) 100vw, 300px\" \/><\/a>\n\t\t\t<\/dt><\/dl><dl class='gallery-item'>\n\t\t\t<dt class='gallery-icon landscape'>\n\t\t\t\t<a href='http:\/\/berenicestaiger.com\/kunstproject\/wp-content\/uploads\/2017\/10\/06draak-fundering-2.jpg'><img loading=\"lazy\" decoding=\"async\" width=\"300\" height=\"225\" src=\"http:\/\/berenicestaiger.com\/kunstproject\/wp-content\/uploads\/2017\/10\/06draak-fundering-2-300x225.jpg\" class=\"attachment-medium size-medium\" alt=\"\" srcset=\"http:\/\/berenicestaiger.com\/kunstproject\/wp-content\/uploads\/2017\/10\/06draak-fundering-2-300x225.jpg 300w, http:\/\/berenicestaiger.com\/kunstproject\/wp-content\/uploads\/2017\/10\/06draak-fundering-2-768x577.jpg 768w, http:\/\/berenicestaiger.com\/kunstproject\/wp-content\/uploads\/2017\/10\/06draak-fundering-2.jpg 800w\" sizes=\"auto, (max-width: 300px) 100vw, 300px\" \/><\/a>\n\t\t\t<\/dt><\/dl>\n\t\t\t<br style='clear: both' \/>\n\t\t<\/div>\n\n<p>Concept: B\u00e9r\u00e9nice Staiger<br \/>\nUitvoering stalen frame: Daan Jansen<br \/>\nGehele uitvoering &amp; begeleiding: B\u00e9r\u00e9nice Staiger<\/p>\n<p>Met alle klassen van de basisschool Drakensteyn werkten we aan het idee tot de uitvoering samen.<br \/>\nHet was een klassen overstijgend kunstproject. In de ontwerpfase mochten alle leerlingen meedenken wat voor een moza\u00efkkunstwerk we gingen maken. Iedere leerling heeft hiervoor een tekening gemaakt. Vertegenwordigers van elke klas kwamen bijelkaar om de idee\u00ebn te bespreken en uiteindelijk voor een ontwerp te kiezen.<br \/>\nHet stalen frame is naar\u00a0 aanleiding van een tekening gelast door Daan Jansen.<br \/>\nHet stalen frame werd op een fundering van beton geschroefd. De eersten jaren stond de draak op een bed van zand later zijn er rubbere tegels geplaatst.<\/p>\n<p>Het plakken van de duizenden mozaik steentjes is gebeurd door de leerlingen en na schooltijd door de trouwe hulp van ouders.<\/p>\n<p>&nbsp;<\/p>\n","protected":false},"excerpt":{"rendered":"<p>Concept: B\u00e9r\u00e9nice Staiger Uitvoering stalen frame: Daan Jansen Gehele uitvoering &amp; begeleiding: B\u00e9r\u00e9nice Staiger Met alle klassen van de basisschool Drakensteyn werkten we aan het idee tot de uitvoering samen. Het was een klassen overstijgend kunstproject. In de ontwerpfase mochten alle leerlingen meedenken wat voor een moza\u00efkkunstwerk we gingen maken. Iedere leerling heeft hiervoor een [&hellip;]<\/p>\n","protected":false},"author":1,"featured_media":443,"comment_status":"closed","ping_status":"closed","sticky":false,"template":"","format":"standard","meta":{"footnotes":""},"categories":[9,10,7,11],"tags":[],"class_list":["post-439","post","type-post","status-publish","format-standard","has-post-thumbnail","hentry","category-klassen-overstijgend-kunstproject","category-kunstproject-op-school","category-mosaik","category-permanent-kunstwerk-op-schoolplein"],"_links":{"self":[{"href":"http:\/\/berenicestaiger.com\/kunstproject\/wp-json\/wp\/v2\/posts\/439","targetHints":{"allow":["GET"]}}],"collection":[{"href":"http:\/\/berenicestaiger.com\/kunstproject\/wp-json\/wp\/v2\/posts"}],"about":[{"href":"http:\/\/berenicestaiger.com\/kunstproject\/wp-json\/wp\/v2\/types\/post"}],"author":[{"embeddable":true,"href":"http:\/\/berenicestaiger.com\/kunstproject\/wp-json\/wp\/v2\/users\/1"}],"replies":[{"embeddable":true,"href":"http:\/\/berenicestaiger.com\/kunstproject\/wp-json\/wp\/v2\/comments?post=439"}],"version-history":[{"count":4,"href":"http:\/\/berenicestaiger.com\/kunstproject\/wp-json\/wp\/v2\/posts\/439\/revisions"}],"predecessor-version":[{"id":500,"href":"http:\/\/berenicestaiger.com\/kunstproject\/wp-json\/wp\/v2\/posts\/439\/revisions\/500"}],"wp:featuredmedia":[{"embeddable":true,"href":"http:\/\/berenicestaiger.com\/kunstproject\/wp-json\/wp\/v2\/media\/443"}],"wp:attachment":[{"href":"http:\/\/berenicestaiger.com\/kunstproject\/wp-json\/wp\/v2\/media?parent=439"}],"wp:term":[{"taxonomy":"category","embeddable":true,"href":"http:\/\/berenicestaiger.com\/kunstproject\/wp-json\/wp\/v2\/categories?post=439"},{"taxonomy":"post_tag","embeddable":true,"href":"http:\/\/berenicestaiger.com\/kunstproject\/wp-json\/wp\/v2\/tags?post=439"}],"curies":[{"name":"wp","href":"https:\/\/api.w.org\/{rel}","templated":true}]}}