{"id":309,"date":"2011-09-27T17:22:11","date_gmt":"2011-09-27T15:22:11","guid":{"rendered":"http:\/\/berenicestaiger.com\/kunstproject\/?p=309"},"modified":"2017-12-06T12:17:26","modified_gmt":"2017-12-06T11:17:26","slug":"mosaic-project-basisschool-t-vastert-enschede-2011","status":"publish","type":"post","link":"http:\/\/berenicestaiger.com\/kunstproject\/2011\/09\/27\/mosaic-project-basisschool-t-vastert-enschede-2011\/","title":{"rendered":"Mosa\u00efk Project, Basisschool &#8216;t Vastert, Enschede, 2011"},"content":{"rendered":"\n\t\t<style type=\"text\/css\">\n\t\t\t#gallery-1 {\n\t\t\t\tmargin: auto;\n\t\t\t}\n\t\t\t#gallery-1 .gallery-item {\n\t\t\t\tfloat: left;\n\t\t\t\tmargin-top: 10px;\n\t\t\t\ttext-align: center;\n\t\t\t\twidth: 20%;\n\t\t\t}\n\t\t\t#gallery-1 img {\n\t\t\t\tborder: 2px solid #cfcfcf;\n\t\t\t}\n\t\t\t#gallery-1 .gallery-caption {\n\t\t\t\tmargin-left: 0;\n\t\t\t}\n\t\t\t\/* see gallery_shortcode() in wp-includes\/media.php *\/\n\t\t<\/style>\n\t\t<div id='gallery-1' class='gallery galleryid-309 gallery-columns-5 gallery-size-medium'><dl class='gallery-item'>\n\t\t\t<dt class='gallery-icon landscape'>\n\t\t\t\t<a href='http:\/\/berenicestaiger.com\/kunstproject\/wp-content\/uploads\/2017\/09\/072011_t-vastert_003.jpg'><img loading=\"lazy\" decoding=\"async\" width=\"300\" height=\"225\" src=\"http:\/\/berenicestaiger.com\/kunstproject\/wp-content\/uploads\/2017\/09\/072011_t-vastert_003-300x225.jpg\" class=\"attachment-medium size-medium\" alt=\"\" srcset=\"http:\/\/berenicestaiger.com\/kunstproject\/wp-content\/uploads\/2017\/09\/072011_t-vastert_003-300x225.jpg 300w, http:\/\/berenicestaiger.com\/kunstproject\/wp-content\/uploads\/2017\/09\/072011_t-vastert_003-768x576.jpg 768w, http:\/\/berenicestaiger.com\/kunstproject\/wp-content\/uploads\/2017\/09\/072011_t-vastert_003.jpg 800w\" sizes=\"auto, (max-width: 300px) 100vw, 300px\" \/><\/a>\n\t\t\t<\/dt><\/dl><dl class='gallery-item'>\n\t\t\t<dt class='gallery-icon portrait'>\n\t\t\t\t<a href='http:\/\/berenicestaiger.com\/kunstproject\/wp-content\/uploads\/2017\/09\/062011_t-vastert_002.jpg'><img loading=\"lazy\" decoding=\"async\" width=\"225\" height=\"300\" src=\"http:\/\/berenicestaiger.com\/kunstproject\/wp-content\/uploads\/2017\/09\/062011_t-vastert_002-225x300.jpg\" class=\"attachment-medium size-medium\" alt=\"\" srcset=\"http:\/\/berenicestaiger.com\/kunstproject\/wp-content\/uploads\/2017\/09\/062011_t-vastert_002-225x300.jpg 225w, http:\/\/berenicestaiger.com\/kunstproject\/wp-content\/uploads\/2017\/09\/062011_t-vastert_002-768x1024.jpg 768w, http:\/\/berenicestaiger.com\/kunstproject\/wp-content\/uploads\/2017\/09\/062011_t-vastert_002.jpg 800w\" sizes=\"auto, (max-width: 225px) 100vw, 225px\" \/><\/a>\n\t\t\t<\/dt><\/dl><dl class='gallery-item'>\n\t\t\t<dt class='gallery-icon landscape'>\n\t\t\t\t<a href='http:\/\/berenicestaiger.com\/kunstproject\/wp-content\/uploads\/2017\/09\/012011_t-vastert_001.jpg'><img loading=\"lazy\" decoding=\"async\" width=\"300\" height=\"225\" src=\"http:\/\/berenicestaiger.com\/kunstproject\/wp-content\/uploads\/2017\/09\/012011_t-vastert_001-300x225.jpg\" class=\"attachment-medium size-medium\" alt=\"\" srcset=\"http:\/\/berenicestaiger.com\/kunstproject\/wp-content\/uploads\/2017\/09\/012011_t-vastert_001-300x225.jpg 300w, http:\/\/berenicestaiger.com\/kunstproject\/wp-content\/uploads\/2017\/09\/012011_t-vastert_001-768x576.jpg 768w, http:\/\/berenicestaiger.com\/kunstproject\/wp-content\/uploads\/2017\/09\/012011_t-vastert_001.jpg 800w\" sizes=\"auto, (max-width: 300px) 100vw, 300px\" \/><\/a>\n\t\t\t<\/dt><\/dl><dl class='gallery-item'>\n\t\t\t<dt class='gallery-icon landscape'>\n\t\t\t\t<a href='http:\/\/berenicestaiger.com\/kunstproject\/wp-content\/uploads\/2017\/09\/022011_t-vastert_0010.jpg'><img loading=\"lazy\" decoding=\"async\" width=\"300\" height=\"225\" src=\"http:\/\/berenicestaiger.com\/kunstproject\/wp-content\/uploads\/2017\/09\/022011_t-vastert_0010-300x225.jpg\" class=\"attachment-medium size-medium\" alt=\"\" srcset=\"http:\/\/berenicestaiger.com\/kunstproject\/wp-content\/uploads\/2017\/09\/022011_t-vastert_0010-300x225.jpg 300w, http:\/\/berenicestaiger.com\/kunstproject\/wp-content\/uploads\/2017\/09\/022011_t-vastert_0010-768x576.jpg 768w, http:\/\/berenicestaiger.com\/kunstproject\/wp-content\/uploads\/2017\/09\/022011_t-vastert_0010.jpg 800w\" sizes=\"auto, (max-width: 300px) 100vw, 300px\" \/><\/a>\n\t\t\t<\/dt><\/dl><dl class='gallery-item'>\n\t\t\t<dt class='gallery-icon landscape'>\n\t\t\t\t<a href='http:\/\/berenicestaiger.com\/kunstproject\/wp-content\/uploads\/2017\/09\/052011_t-vastert_0013-1.jpg'><img loading=\"lazy\" decoding=\"async\" width=\"300\" height=\"225\" src=\"http:\/\/berenicestaiger.com\/kunstproject\/wp-content\/uploads\/2017\/09\/052011_t-vastert_0013-1-300x225.jpg\" class=\"attachment-medium size-medium\" alt=\"\" srcset=\"http:\/\/berenicestaiger.com\/kunstproject\/wp-content\/uploads\/2017\/09\/052011_t-vastert_0013-1-300x225.jpg 300w, http:\/\/berenicestaiger.com\/kunstproject\/wp-content\/uploads\/2017\/09\/052011_t-vastert_0013-1-768x576.jpg 768w, http:\/\/berenicestaiger.com\/kunstproject\/wp-content\/uploads\/2017\/09\/052011_t-vastert_0013-1.jpg 800w\" sizes=\"auto, (max-width: 300px) 100vw, 300px\" \/><\/a>\n\t\t\t<\/dt><\/dl><br style=\"clear: both\" \/><dl class='gallery-item'>\n\t\t\t<dt class='gallery-icon landscape'>\n\t\t\t\t<a href='http:\/\/berenicestaiger.com\/kunstproject\/wp-content\/uploads\/2017\/09\/032011_t-vastert_0011.jpg'><img loading=\"lazy\" decoding=\"async\" width=\"300\" height=\"225\" src=\"http:\/\/berenicestaiger.com\/kunstproject\/wp-content\/uploads\/2017\/09\/032011_t-vastert_0011-300x225.jpg\" class=\"attachment-medium size-medium\" alt=\"\" srcset=\"http:\/\/berenicestaiger.com\/kunstproject\/wp-content\/uploads\/2017\/09\/032011_t-vastert_0011-300x225.jpg 300w, http:\/\/berenicestaiger.com\/kunstproject\/wp-content\/uploads\/2017\/09\/032011_t-vastert_0011-768x576.jpg 768w, http:\/\/berenicestaiger.com\/kunstproject\/wp-content\/uploads\/2017\/09\/032011_t-vastert_0011.jpg 800w\" sizes=\"auto, (max-width: 300px) 100vw, 300px\" \/><\/a>\n\t\t\t<\/dt><\/dl><dl class='gallery-item'>\n\t\t\t<dt class='gallery-icon landscape'>\n\t\t\t\t<a href='http:\/\/berenicestaiger.com\/kunstproject\/wp-content\/uploads\/2017\/09\/042011_t-vastert_0012.jpg'><img loading=\"lazy\" decoding=\"async\" width=\"300\" height=\"225\" src=\"http:\/\/berenicestaiger.com\/kunstproject\/wp-content\/uploads\/2017\/09\/042011_t-vastert_0012-300x225.jpg\" class=\"attachment-medium size-medium\" alt=\"\" srcset=\"http:\/\/berenicestaiger.com\/kunstproject\/wp-content\/uploads\/2017\/09\/042011_t-vastert_0012-300x225.jpg 300w, http:\/\/berenicestaiger.com\/kunstproject\/wp-content\/uploads\/2017\/09\/042011_t-vastert_0012-768x576.jpg 768w, http:\/\/berenicestaiger.com\/kunstproject\/wp-content\/uploads\/2017\/09\/042011_t-vastert_0012.jpg 800w\" sizes=\"auto, (max-width: 300px) 100vw, 300px\" \/><\/a>\n\t\t\t<\/dt><\/dl><dl class='gallery-item'>\n\t\t\t<dt class='gallery-icon landscape'>\n\t\t\t\t<a href='http:\/\/berenicestaiger.com\/kunstproject\/wp-content\/uploads\/2017\/09\/082011_t-vastert_004.jpg'><img loading=\"lazy\" decoding=\"async\" width=\"300\" height=\"225\" src=\"http:\/\/berenicestaiger.com\/kunstproject\/wp-content\/uploads\/2017\/09\/082011_t-vastert_004-300x225.jpg\" class=\"attachment-medium size-medium\" alt=\"\" srcset=\"http:\/\/berenicestaiger.com\/kunstproject\/wp-content\/uploads\/2017\/09\/082011_t-vastert_004-300x225.jpg 300w, http:\/\/berenicestaiger.com\/kunstproject\/wp-content\/uploads\/2017\/09\/082011_t-vastert_004-768x576.jpg 768w, http:\/\/berenicestaiger.com\/kunstproject\/wp-content\/uploads\/2017\/09\/082011_t-vastert_004.jpg 800w\" sizes=\"auto, (max-width: 300px) 100vw, 300px\" \/><\/a>\n\t\t\t<\/dt><\/dl><dl class='gallery-item'>\n\t\t\t<dt class='gallery-icon landscape'>\n\t\t\t\t<a href='http:\/\/berenicestaiger.com\/kunstproject\/wp-content\/uploads\/2017\/09\/092011_t-vastert_005.jpg'><img loading=\"lazy\" decoding=\"async\" width=\"300\" height=\"225\" src=\"http:\/\/berenicestaiger.com\/kunstproject\/wp-content\/uploads\/2017\/09\/092011_t-vastert_005-300x225.jpg\" class=\"attachment-medium size-medium\" alt=\"\" srcset=\"http:\/\/berenicestaiger.com\/kunstproject\/wp-content\/uploads\/2017\/09\/092011_t-vastert_005-300x225.jpg 300w, http:\/\/berenicestaiger.com\/kunstproject\/wp-content\/uploads\/2017\/09\/092011_t-vastert_005-768x576.jpg 768w, http:\/\/berenicestaiger.com\/kunstproject\/wp-content\/uploads\/2017\/09\/092011_t-vastert_005.jpg 800w\" sizes=\"auto, (max-width: 300px) 100vw, 300px\" \/><\/a>\n\t\t\t<\/dt><\/dl><dl class='gallery-item'>\n\t\t\t<dt class='gallery-icon landscape'>\n\t\t\t\t<a href='http:\/\/berenicestaiger.com\/kunstproject\/wp-content\/uploads\/2017\/09\/102011_t-vastert_006.jpg'><img loading=\"lazy\" decoding=\"async\" width=\"300\" height=\"225\" src=\"http:\/\/berenicestaiger.com\/kunstproject\/wp-content\/uploads\/2017\/09\/102011_t-vastert_006-300x225.jpg\" class=\"attachment-medium size-medium\" alt=\"\" srcset=\"http:\/\/berenicestaiger.com\/kunstproject\/wp-content\/uploads\/2017\/09\/102011_t-vastert_006-300x225.jpg 300w, http:\/\/berenicestaiger.com\/kunstproject\/wp-content\/uploads\/2017\/09\/102011_t-vastert_006-768x576.jpg 768w, http:\/\/berenicestaiger.com\/kunstproject\/wp-content\/uploads\/2017\/09\/102011_t-vastert_006.jpg 800w\" sizes=\"auto, (max-width: 300px) 100vw, 300px\" \/><\/a>\n\t\t\t<\/dt><\/dl><br style=\"clear: both\" \/><dl class='gallery-item'>\n\t\t\t<dt class='gallery-icon landscape'>\n\t\t\t\t<a href='http:\/\/berenicestaiger.com\/kunstproject\/wp-content\/uploads\/2017\/09\/112011_t-vastert_007.jpg'><img loading=\"lazy\" decoding=\"async\" width=\"300\" height=\"225\" src=\"http:\/\/berenicestaiger.com\/kunstproject\/wp-content\/uploads\/2017\/09\/112011_t-vastert_007-300x225.jpg\" class=\"attachment-medium size-medium\" alt=\"\" srcset=\"http:\/\/berenicestaiger.com\/kunstproject\/wp-content\/uploads\/2017\/09\/112011_t-vastert_007-300x225.jpg 300w, http:\/\/berenicestaiger.com\/kunstproject\/wp-content\/uploads\/2017\/09\/112011_t-vastert_007-768x576.jpg 768w, http:\/\/berenicestaiger.com\/kunstproject\/wp-content\/uploads\/2017\/09\/112011_t-vastert_007.jpg 800w\" sizes=\"auto, (max-width: 300px) 100vw, 300px\" \/><\/a>\n\t\t\t<\/dt><\/dl><dl class='gallery-item'>\n\t\t\t<dt class='gallery-icon landscape'>\n\t\t\t\t<a href='http:\/\/berenicestaiger.com\/kunstproject\/wp-content\/uploads\/2017\/09\/122011_t-vastert_008.jpg'><img loading=\"lazy\" decoding=\"async\" width=\"300\" height=\"225\" src=\"http:\/\/berenicestaiger.com\/kunstproject\/wp-content\/uploads\/2017\/09\/122011_t-vastert_008-300x225.jpg\" class=\"attachment-medium size-medium\" alt=\"\" srcset=\"http:\/\/berenicestaiger.com\/kunstproject\/wp-content\/uploads\/2017\/09\/122011_t-vastert_008-300x225.jpg 300w, http:\/\/berenicestaiger.com\/kunstproject\/wp-content\/uploads\/2017\/09\/122011_t-vastert_008-768x576.jpg 768w, http:\/\/berenicestaiger.com\/kunstproject\/wp-content\/uploads\/2017\/09\/122011_t-vastert_008.jpg 800w\" sizes=\"auto, (max-width: 300px) 100vw, 300px\" \/><\/a>\n\t\t\t<\/dt><\/dl><dl class='gallery-item'>\n\t\t\t<dt class='gallery-icon landscape'>\n\t\t\t\t<a href='http:\/\/berenicestaiger.com\/kunstproject\/wp-content\/uploads\/2017\/09\/132011_t-vastert_009.jpg'><img loading=\"lazy\" decoding=\"async\" width=\"300\" height=\"225\" src=\"http:\/\/berenicestaiger.com\/kunstproject\/wp-content\/uploads\/2017\/09\/132011_t-vastert_009-300x225.jpg\" class=\"attachment-medium size-medium\" alt=\"\" srcset=\"http:\/\/berenicestaiger.com\/kunstproject\/wp-content\/uploads\/2017\/09\/132011_t-vastert_009-300x225.jpg 300w, http:\/\/berenicestaiger.com\/kunstproject\/wp-content\/uploads\/2017\/09\/132011_t-vastert_009-768x576.jpg 768w, http:\/\/berenicestaiger.com\/kunstproject\/wp-content\/uploads\/2017\/09\/132011_t-vastert_009.jpg 800w\" sizes=\"auto, (max-width: 300px) 100vw, 300px\" \/><\/a>\n\t\t\t<\/dt><\/dl>\n\t\t\t<br style='clear: both' \/>\n\t\t<\/div>\n\n<p>Concept: B\u00e9r\u00e9nice Staiger<br \/>\nGehele uitvoering &amp; begeleiding: B\u00e9r\u00e9nice Staiger<br \/>\nThema: Moza\u00efkbank met als thema de jaargetijden<\/p>\n<p>De wens van school was het om een moza\u00efkbank te maken rond een boom op het schoolplein.<br \/>\nSamen met de interne cultuurco\u00f6rdinator ging ik brainstormen over de invulling van het ontwerp.<br \/>\nWe kwamen uit bij het thema de vier jaargetijden. Alle klassen kregen een presentatie over hoe de vorm van de bank eruit ging zien. Alle leerlingen mochten zelf een tekening maken passend bij de vier jaar getijden. Deze tekeningen werden meegenomen in het uiteindelijke ontwerp.<br \/>\nDe contructie is gemaakt door deerden en ter plekke is het beton gestort.<br \/>\nAlle leerlingen hebben meegeholpen bij het maken van de moza\u00efksteentjes. Hiervoor werden velen mooi gekleurde tegels met hamers in een stukstof stuk geslagen. De steentjes werden in een betonmolen getrommeld. Zodat de scherpe hoeken afgesleten werden.<br \/>\nHet plakken van alle mozaik steentjes is gebeurd door de leerlingen en na schooltijd door de trouwe hulp van ouders.<br \/>\nDe bank werd feestelijk onthuld in het bijzijn van alle leerlingen en de ouders.<\/p>\n","protected":false},"excerpt":{"rendered":"<p>Concept: B\u00e9r\u00e9nice Staiger Gehele uitvoering &amp; begeleiding: B\u00e9r\u00e9nice Staiger Thema: Moza\u00efkbank met als thema de jaargetijden De wens van school was het om een moza\u00efkbank te maken rond een boom op het schoolplein. Samen met de interne cultuurco\u00f6rdinator ging ik brainstormen over de invulling van het ontwerp. We kwamen uit bij het thema de vier [&hellip;]<\/p>\n","protected":false},"author":1,"featured_media":325,"comment_status":"closed","ping_status":"closed","sticky":false,"template":"","format":"standard","meta":{"footnotes":""},"categories":[9,10,7,11],"tags":[],"class_list":["post-309","post","type-post","status-publish","format-standard","has-post-thumbnail","hentry","category-klassen-overstijgend-kunstproject","category-kunstproject-op-school","category-mosaik","category-permanent-kunstwerk-op-schoolplein"],"_links":{"self":[{"href":"http:\/\/berenicestaiger.com\/kunstproject\/wp-json\/wp\/v2\/posts\/309","targetHints":{"allow":["GET"]}}],"collection":[{"href":"http:\/\/berenicestaiger.com\/kunstproject\/wp-json\/wp\/v2\/posts"}],"about":[{"href":"http:\/\/berenicestaiger.com\/kunstproject\/wp-json\/wp\/v2\/types\/post"}],"author":[{"embeddable":true,"href":"http:\/\/berenicestaiger.com\/kunstproject\/wp-json\/wp\/v2\/users\/1"}],"replies":[{"embeddable":true,"href":"http:\/\/berenicestaiger.com\/kunstproject\/wp-json\/wp\/v2\/comments?post=309"}],"version-history":[{"count":5,"href":"http:\/\/berenicestaiger.com\/kunstproject\/wp-json\/wp\/v2\/posts\/309\/revisions"}],"predecessor-version":[{"id":498,"href":"http:\/\/berenicestaiger.com\/kunstproject\/wp-json\/wp\/v2\/posts\/309\/revisions\/498"}],"wp:featuredmedia":[{"embeddable":true,"href":"http:\/\/berenicestaiger.com\/kunstproject\/wp-json\/wp\/v2\/media\/325"}],"wp:attachment":[{"href":"http:\/\/berenicestaiger.com\/kunstproject\/wp-json\/wp\/v2\/media?parent=309"}],"wp:term":[{"taxonomy":"category","embeddable":true,"href":"http:\/\/berenicestaiger.com\/kunstproject\/wp-json\/wp\/v2\/categories?post=309"},{"taxonomy":"post_tag","embeddable":true,"href":"http:\/\/berenicestaiger.com\/kunstproject\/wp-json\/wp\/v2\/tags?post=309"}],"curies":[{"name":"wp","href":"https:\/\/api.w.org\/{rel}","templated":true}]}}