{"id":293,"date":"2011-09-27T17:09:19","date_gmt":"2011-09-27T15:09:19","guid":{"rendered":"http:\/\/berenicestaiger.com\/kunstproject\/?p=293"},"modified":"2017-12-06T12:26:32","modified_gmt":"2017-12-06T11:26:32","slug":"mosaik-project-basisschool-beuningen2011","status":"publish","type":"post","link":"http:\/\/berenicestaiger.com\/kunstproject\/2011\/09\/27\/mosaik-project-basisschool-beuningen2011\/","title":{"rendered":"Mosa\u00efk project Basisschool, Beuningen, 2011"},"content":{"rendered":"\n\t\t<style type=\"text\/css\">\n\t\t\t#gallery-1 {\n\t\t\t\tmargin: auto;\n\t\t\t}\n\t\t\t#gallery-1 .gallery-item {\n\t\t\t\tfloat: left;\n\t\t\t\tmargin-top: 10px;\n\t\t\t\ttext-align: center;\n\t\t\t\twidth: 20%;\n\t\t\t}\n\t\t\t#gallery-1 img {\n\t\t\t\tborder: 2px solid #cfcfcf;\n\t\t\t}\n\t\t\t#gallery-1 .gallery-caption {\n\t\t\t\tmargin-left: 0;\n\t\t\t}\n\t\t\t\/* see gallery_shortcode() in wp-includes\/media.php *\/\n\t\t<\/style>\n\t\t<div id='gallery-1' class='gallery galleryid-293 gallery-columns-5 gallery-size-medium'><dl class='gallery-item'>\n\t\t\t<dt class='gallery-icon landscape'>\n\t\t\t\t<a href='http:\/\/berenicestaiger.com\/kunstproject\/wp-content\/uploads\/2017\/09\/022011_beuningen_0010.jpg'><img loading=\"lazy\" decoding=\"async\" width=\"300\" height=\"225\" src=\"http:\/\/berenicestaiger.com\/kunstproject\/wp-content\/uploads\/2017\/09\/022011_beuningen_0010-300x225.jpg\" class=\"attachment-medium size-medium\" alt=\"\" srcset=\"http:\/\/berenicestaiger.com\/kunstproject\/wp-content\/uploads\/2017\/09\/022011_beuningen_0010-300x225.jpg 300w, http:\/\/berenicestaiger.com\/kunstproject\/wp-content\/uploads\/2017\/09\/022011_beuningen_0010-768x576.jpg 768w, http:\/\/berenicestaiger.com\/kunstproject\/wp-content\/uploads\/2017\/09\/022011_beuningen_0010.jpg 800w\" sizes=\"auto, (max-width: 300px) 100vw, 300px\" \/><\/a>\n\t\t\t<\/dt><\/dl><dl class='gallery-item'>\n\t\t\t<dt class='gallery-icon landscape'>\n\t\t\t\t<a href='http:\/\/berenicestaiger.com\/kunstproject\/wp-content\/uploads\/2017\/09\/032011_beuningen_0011.jpg'><img loading=\"lazy\" decoding=\"async\" width=\"300\" height=\"225\" src=\"http:\/\/berenicestaiger.com\/kunstproject\/wp-content\/uploads\/2017\/09\/032011_beuningen_0011-300x225.jpg\" class=\"attachment-medium size-medium\" alt=\"\" srcset=\"http:\/\/berenicestaiger.com\/kunstproject\/wp-content\/uploads\/2017\/09\/032011_beuningen_0011-300x225.jpg 300w, http:\/\/berenicestaiger.com\/kunstproject\/wp-content\/uploads\/2017\/09\/032011_beuningen_0011-768x576.jpg 768w, http:\/\/berenicestaiger.com\/kunstproject\/wp-content\/uploads\/2017\/09\/032011_beuningen_0011.jpg 800w\" sizes=\"auto, (max-width: 300px) 100vw, 300px\" \/><\/a>\n\t\t\t<\/dt><\/dl><dl class='gallery-item'>\n\t\t\t<dt class='gallery-icon landscape'>\n\t\t\t\t<a href='http:\/\/berenicestaiger.com\/kunstproject\/wp-content\/uploads\/2017\/09\/042011_beuningen_0012.jpg'><img loading=\"lazy\" decoding=\"async\" width=\"300\" height=\"225\" src=\"http:\/\/berenicestaiger.com\/kunstproject\/wp-content\/uploads\/2017\/09\/042011_beuningen_0012-300x225.jpg\" class=\"attachment-medium size-medium\" alt=\"\" srcset=\"http:\/\/berenicestaiger.com\/kunstproject\/wp-content\/uploads\/2017\/09\/042011_beuningen_0012-300x225.jpg 300w, http:\/\/berenicestaiger.com\/kunstproject\/wp-content\/uploads\/2017\/09\/042011_beuningen_0012-768x576.jpg 768w, http:\/\/berenicestaiger.com\/kunstproject\/wp-content\/uploads\/2017\/09\/042011_beuningen_0012.jpg 800w\" sizes=\"auto, (max-width: 300px) 100vw, 300px\" \/><\/a>\n\t\t\t<\/dt><\/dl><dl class='gallery-item'>\n\t\t\t<dt class='gallery-icon landscape'>\n\t\t\t\t<a href='http:\/\/berenicestaiger.com\/kunstproject\/wp-content\/uploads\/2017\/09\/052011_beuningen_002.jpg'><img loading=\"lazy\" decoding=\"async\" width=\"300\" height=\"225\" src=\"http:\/\/berenicestaiger.com\/kunstproject\/wp-content\/uploads\/2017\/09\/052011_beuningen_002-300x225.jpg\" class=\"attachment-medium size-medium\" alt=\"\" srcset=\"http:\/\/berenicestaiger.com\/kunstproject\/wp-content\/uploads\/2017\/09\/052011_beuningen_002-300x225.jpg 300w, http:\/\/berenicestaiger.com\/kunstproject\/wp-content\/uploads\/2017\/09\/052011_beuningen_002-768x576.jpg 768w, http:\/\/berenicestaiger.com\/kunstproject\/wp-content\/uploads\/2017\/09\/052011_beuningen_002.jpg 800w\" sizes=\"auto, (max-width: 300px) 100vw, 300px\" \/><\/a>\n\t\t\t<\/dt><\/dl><dl class='gallery-item'>\n\t\t\t<dt class='gallery-icon landscape'>\n\t\t\t\t<a href='http:\/\/berenicestaiger.com\/kunstproject\/wp-content\/uploads\/2017\/09\/062011_beuningen_003.jpg'><img loading=\"lazy\" decoding=\"async\" width=\"300\" height=\"225\" src=\"http:\/\/berenicestaiger.com\/kunstproject\/wp-content\/uploads\/2017\/09\/062011_beuningen_003-300x225.jpg\" class=\"attachment-medium size-medium\" alt=\"\" srcset=\"http:\/\/berenicestaiger.com\/kunstproject\/wp-content\/uploads\/2017\/09\/062011_beuningen_003-300x225.jpg 300w, http:\/\/berenicestaiger.com\/kunstproject\/wp-content\/uploads\/2017\/09\/062011_beuningen_003-768x576.jpg 768w, http:\/\/berenicestaiger.com\/kunstproject\/wp-content\/uploads\/2017\/09\/062011_beuningen_003.jpg 800w\" sizes=\"auto, (max-width: 300px) 100vw, 300px\" \/><\/a>\n\t\t\t<\/dt><\/dl><br style=\"clear: both\" \/><dl class='gallery-item'>\n\t\t\t<dt class='gallery-icon landscape'>\n\t\t\t\t<a href='http:\/\/berenicestaiger.com\/kunstproject\/wp-content\/uploads\/2017\/09\/072011_beuningen_004.jpg'><img loading=\"lazy\" decoding=\"async\" width=\"300\" height=\"225\" src=\"http:\/\/berenicestaiger.com\/kunstproject\/wp-content\/uploads\/2017\/09\/072011_beuningen_004-300x225.jpg\" class=\"attachment-medium size-medium\" alt=\"\" srcset=\"http:\/\/berenicestaiger.com\/kunstproject\/wp-content\/uploads\/2017\/09\/072011_beuningen_004-300x225.jpg 300w, http:\/\/berenicestaiger.com\/kunstproject\/wp-content\/uploads\/2017\/09\/072011_beuningen_004-768x576.jpg 768w, http:\/\/berenicestaiger.com\/kunstproject\/wp-content\/uploads\/2017\/09\/072011_beuningen_004.jpg 800w\" sizes=\"auto, (max-width: 300px) 100vw, 300px\" \/><\/a>\n\t\t\t<\/dt><\/dl><dl class='gallery-item'>\n\t\t\t<dt class='gallery-icon landscape'>\n\t\t\t\t<a href='http:\/\/berenicestaiger.com\/kunstproject\/wp-content\/uploads\/2017\/09\/082011_beuningen_005.jpg'><img loading=\"lazy\" decoding=\"async\" width=\"300\" height=\"225\" src=\"http:\/\/berenicestaiger.com\/kunstproject\/wp-content\/uploads\/2017\/09\/082011_beuningen_005-300x225.jpg\" class=\"attachment-medium size-medium\" alt=\"\" srcset=\"http:\/\/berenicestaiger.com\/kunstproject\/wp-content\/uploads\/2017\/09\/082011_beuningen_005-300x225.jpg 300w, http:\/\/berenicestaiger.com\/kunstproject\/wp-content\/uploads\/2017\/09\/082011_beuningen_005-768x576.jpg 768w, http:\/\/berenicestaiger.com\/kunstproject\/wp-content\/uploads\/2017\/09\/082011_beuningen_005.jpg 800w\" sizes=\"auto, (max-width: 300px) 100vw, 300px\" \/><\/a>\n\t\t\t<\/dt><\/dl><dl class='gallery-item'>\n\t\t\t<dt class='gallery-icon landscape'>\n\t\t\t\t<a href='http:\/\/berenicestaiger.com\/kunstproject\/wp-content\/uploads\/2017\/09\/092011_beuningen_006.jpg'><img loading=\"lazy\" decoding=\"async\" width=\"300\" height=\"225\" src=\"http:\/\/berenicestaiger.com\/kunstproject\/wp-content\/uploads\/2017\/09\/092011_beuningen_006-300x225.jpg\" class=\"attachment-medium size-medium\" alt=\"\" srcset=\"http:\/\/berenicestaiger.com\/kunstproject\/wp-content\/uploads\/2017\/09\/092011_beuningen_006-300x225.jpg 300w, http:\/\/berenicestaiger.com\/kunstproject\/wp-content\/uploads\/2017\/09\/092011_beuningen_006-768x576.jpg 768w, http:\/\/berenicestaiger.com\/kunstproject\/wp-content\/uploads\/2017\/09\/092011_beuningen_006.jpg 800w\" sizes=\"auto, (max-width: 300px) 100vw, 300px\" \/><\/a>\n\t\t\t<\/dt><\/dl><dl class='gallery-item'>\n\t\t\t<dt class='gallery-icon landscape'>\n\t\t\t\t<a href='http:\/\/berenicestaiger.com\/kunstproject\/wp-content\/uploads\/2017\/09\/102011_beuningen_007.jpg'><img loading=\"lazy\" decoding=\"async\" width=\"300\" height=\"225\" src=\"http:\/\/berenicestaiger.com\/kunstproject\/wp-content\/uploads\/2017\/09\/102011_beuningen_007-300x225.jpg\" class=\"attachment-medium size-medium\" alt=\"\" srcset=\"http:\/\/berenicestaiger.com\/kunstproject\/wp-content\/uploads\/2017\/09\/102011_beuningen_007-300x225.jpg 300w, http:\/\/berenicestaiger.com\/kunstproject\/wp-content\/uploads\/2017\/09\/102011_beuningen_007-768x576.jpg 768w, http:\/\/berenicestaiger.com\/kunstproject\/wp-content\/uploads\/2017\/09\/102011_beuningen_007.jpg 800w\" sizes=\"auto, (max-width: 300px) 100vw, 300px\" \/><\/a>\n\t\t\t<\/dt><\/dl><dl class='gallery-item'>\n\t\t\t<dt class='gallery-icon landscape'>\n\t\t\t\t<a href='http:\/\/berenicestaiger.com\/kunstproject\/wp-content\/uploads\/2017\/09\/112011_beuningen_008-1.jpg'><img loading=\"lazy\" decoding=\"async\" width=\"300\" height=\"225\" src=\"http:\/\/berenicestaiger.com\/kunstproject\/wp-content\/uploads\/2017\/09\/112011_beuningen_008-1-300x225.jpg\" class=\"attachment-medium size-medium\" alt=\"\" srcset=\"http:\/\/berenicestaiger.com\/kunstproject\/wp-content\/uploads\/2017\/09\/112011_beuningen_008-1-300x225.jpg 300w, http:\/\/berenicestaiger.com\/kunstproject\/wp-content\/uploads\/2017\/09\/112011_beuningen_008-1-768x576.jpg 768w, http:\/\/berenicestaiger.com\/kunstproject\/wp-content\/uploads\/2017\/09\/112011_beuningen_008-1.jpg 800w\" sizes=\"auto, (max-width: 300px) 100vw, 300px\" \/><\/a>\n\t\t\t<\/dt><\/dl><br style=\"clear: both\" \/>\n\t\t<\/div>\n\n<p>Concept: B\u00e9r\u00e9nice Staiger &amp; Jacomijn Schellevis<br \/>\nGehele uitvoering &amp; begeleiding: B\u00e9r\u00e9nice Staiger &amp; Jacomijn Schellevis<br \/>\nThema: Moza\u00efkbank met als thema insecten<\/p>\n<p>De wens van school was het om een moza\u00efkbank te maken voor op het schoolplein.<br \/>\nEen groep vaders heeft de constructie en de fundering van de bank gerealiseerd. Alle leerlingen hebben zelf een tekening gemaakt met een insect. Deze tekeningen werden gebruikt voor het ontwerp.<br \/>\nAlle leerlingen hebben meegeholpen bij het plakken van de moza\u00efksteentjes. Hiervoor werden velen mooi gekleurde tegels met hamers in een stuk stof stuk geslagen. De steentjes werden in een betonmolen getrommeld. Zodat de scherpe hoeken afgesleten werden. De twee kunstenaars B\u00e9r\u00e9nice Staiger en Jacomijn Schellevis hebben het ontwerp met krijt op de betonnen bank getekend.<br \/>\nAlle leerlingen mochten een selectie van insect met moza\u00efksteentjes\u00a0 op de bank plakken. De ouders hebben geholpen om de tussenruimtes op te vullen met moza\u00efksteentjes.<br \/>\nDe bank werd feestelijk onthuld in het bij zijn van alle leerlingen en ouders.<\/p>\n","protected":false},"excerpt":{"rendered":"<p>Concept: B\u00e9r\u00e9nice Staiger &amp; Jacomijn Schellevis Gehele uitvoering &amp; begeleiding: B\u00e9r\u00e9nice Staiger &amp; Jacomijn Schellevis Thema: Moza\u00efkbank met als thema insecten De wens van school was het om een moza\u00efkbank te maken voor op het schoolplein. Een groep vaders heeft de constructie en de fundering van de bank gerealiseerd. Alle leerlingen hebben zelf een tekening [&hellip;]<\/p>\n","protected":false},"author":1,"featured_media":297,"comment_status":"closed","ping_status":"closed","sticky":false,"template":"","format":"standard","meta":{"footnotes":""},"categories":[9,10,7,11],"tags":[],"class_list":["post-293","post","type-post","status-publish","format-standard","has-post-thumbnail","hentry","category-klassen-overstijgend-kunstproject","category-kunstproject-op-school","category-mosaik","category-permanent-kunstwerk-op-schoolplein"],"_links":{"self":[{"href":"http:\/\/berenicestaiger.com\/kunstproject\/wp-json\/wp\/v2\/posts\/293","targetHints":{"allow":["GET"]}}],"collection":[{"href":"http:\/\/berenicestaiger.com\/kunstproject\/wp-json\/wp\/v2\/posts"}],"about":[{"href":"http:\/\/berenicestaiger.com\/kunstproject\/wp-json\/wp\/v2\/types\/post"}],"author":[{"embeddable":true,"href":"http:\/\/berenicestaiger.com\/kunstproject\/wp-json\/wp\/v2\/users\/1"}],"replies":[{"embeddable":true,"href":"http:\/\/berenicestaiger.com\/kunstproject\/wp-json\/wp\/v2\/comments?post=293"}],"version-history":[{"count":8,"href":"http:\/\/berenicestaiger.com\/kunstproject\/wp-json\/wp\/v2\/posts\/293\/revisions"}],"predecessor-version":[{"id":504,"href":"http:\/\/berenicestaiger.com\/kunstproject\/wp-json\/wp\/v2\/posts\/293\/revisions\/504"}],"wp:featuredmedia":[{"embeddable":true,"href":"http:\/\/berenicestaiger.com\/kunstproject\/wp-json\/wp\/v2\/media\/297"}],"wp:attachment":[{"href":"http:\/\/berenicestaiger.com\/kunstproject\/wp-json\/wp\/v2\/media?parent=293"}],"wp:term":[{"taxonomy":"category","embeddable":true,"href":"http:\/\/berenicestaiger.com\/kunstproject\/wp-json\/wp\/v2\/categories?post=293"},{"taxonomy":"post_tag","embeddable":true,"href":"http:\/\/berenicestaiger.com\/kunstproject\/wp-json\/wp\/v2\/tags?post=293"}],"curies":[{"name":"wp","href":"https:\/\/api.w.org\/{rel}","templated":true}]}}